{"id":1495,"date":"2024-05-30T15:42:30","date_gmt":"2024-05-30T13:42:30","guid":{"rendered":"https:\/\/www.boutique.genealogiemagazine.com\/?p=1495"},"modified":"2024-05-30T15:42:34","modified_gmt":"2024-05-30T13:42:34","slug":"genealogies-celebres-jean-claude-gaudin","status":"publish","type":"post","link":"https:\/\/www.boutique.genealogiemagazine.com\/2024\/05\/30\/genealogies-celebres-jean-claude-gaudin\/","title":{"rendered":"G\u00e9n\u00e9alogies c\u00e9l\u00e8bres &#8211; Jean-Claude Gaudin"},"content":{"rendered":"\n<figure class=\"wp-block-image size-large\"><img loading=\"lazy\" decoding=\"async\" width=\"1024\" height=\"729\" src=\"https:\/\/www.boutique.genealogiemagazine.com\/wp-content\/uploads\/2024\/05\/Numerisation_20200222-1024x729.jpg\" alt=\"\" class=\"wp-image-1496\" srcset=\"https:\/\/www.boutique.genealogiemagazine.com\/wp-content\/uploads\/2024\/05\/Numerisation_20200222-1024x729.jpg 1024w, https:\/\/www.boutique.genealogiemagazine.com\/wp-content\/uploads\/2024\/05\/Numerisation_20200222-300x214.jpg 300w, https:\/\/www.boutique.genealogiemagazine.com\/wp-content\/uploads\/2024\/05\/Numerisation_20200222-768x547.jpg 768w, https:\/\/www.boutique.genealogiemagazine.com\/wp-content\/uploads\/2024\/05\/Numerisation_20200222-1536x1094.jpg 1536w, https:\/\/www.boutique.genealogiemagazine.com\/wp-content\/uploads\/2024\/05\/Numerisation_20200222-2048x1459.jpg 2048w, https:\/\/www.boutique.genealogiemagazine.com\/wp-content\/uploads\/2024\/05\/Numerisation_20200222-600x427.jpg 600w\" sizes=\"auto, (max-width: 1024px) 100vw, 1024px\" \/><\/figure>\n\n\n\n<p>Jean-Claude Gaudin a \u00e9t\u00e9 Professeur d&rsquo;histoire et de g\u00e9ographie, il enseigne pendant plus de 15 ans au coll\u00e8ge et lyc\u00e9e Saint-Joseph les Maristes \u00e0 Marseille. Il participe tr\u00e8s jeune \u00e0 la vie politique. En 1965, apr\u00e8s son service militaire, il est \u00e9lu sur la liste socialo centriste \u00ab\u00a0Deferre-Rastoin\u00a0\u00bb contre la liste Gaulliste UNR. Il devient le benjamin du conseil municipal de Marseille. Il est r\u00e9\u00e9lu en 1971. Il adh\u00e8re, en 1973, aux R\u00e9publicains Ind\u00e9pendants et participe l&rsquo;ann\u00e9e suivante \u00e0 la campagne pr\u00e9sidentielle de Val\u00e9ry Giscard d\u2019Estaing. Candidat UDF en Mars 1978 dans la 2\u00e8me circonscription des Bouches-du-Rh\u00f4ne, il bat le d\u00e9put\u00e9 socialiste sortant, Charles-Emile Loo. En juin 1981, malgr\u00e9 la \u00ab\u00a0vague rose\u00a0\u00bb, Jean-Claude Gaudin r\u00e9ussit \u00e0 conserver son si\u00e8ge. Il devient pr\u00e9sident du groupe UDF \u00e0 l&rsquo;Assembl\u00e9e Nationale. Aux Municipales de 1983 \u00e0 Marseille, il conduit la liste de l&rsquo;opposition contre Gaston Defferre, alors ministre de l&rsquo;Int\u00e9rieur. Il est battu par Gaston Defferre, bien que celui-ci obtienne 2 497 voix de moins que lui. En 1986, Jean-Claude Gaudin conduit dans les Bouches-du-Rh\u00f4ne les listes UDF aux l\u00e9gislatives et aux r\u00e9gionales. Le 25 avril 1986, il devient pr\u00e9sident du premier conseil r\u00e9gional de Provence-Alpes-C\u00f4te-d&rsquo;Azur \u00e9lu au suffrage universel direct. En 1988, apr\u00e8s la dissolution de l&rsquo;Assembl\u00e9e Nationale, il est r\u00e9\u00e9lu d\u00e9put\u00e9 des Bouches-du-Rh\u00f4ne pour la 4\u00e8me fois et reconduit \u00e0 la Pr\u00e9sidence du Groupe UDF \u00e0 l&rsquo;Assembl\u00e9e nationale. En 1992, le renouvellement du conseil r\u00e9gional de Provence-Alpes-C\u00f4te d&rsquo;Azur provoque l&rsquo;\u00e9lection la plus m\u00e9diatis\u00e9e de France : Jean-Claude Gaudin affronte en effet Bernard Tapie et Jean-Marie Le Pen. Il est r\u00e9\u00e9lu pr\u00e9sident du Conseil R\u00e9gional le 27 mars 1992. En 1995, Jean-Claude Gaudin acc\u00e8de au poste de maire de Marseille. En septembre 1995, les S\u00e9nateurs R\u00e9publicains et Ind\u00e9pendants l&rsquo;\u00e9lisent pr\u00e9sident de leur Groupe au S\u00e9nat. Le 7 novembre 1995, sur proposition du Premier ministre Alain Jupp\u00e9, le Pr\u00e9sident de la R\u00e9publique Jacques Chirac nomme Jean-Claude Gaudin Ministre de l&rsquo;Am\u00e9nagement du Territoire, de la Ville et de l&rsquo;Int\u00e9gration. En juin 1997, avec la dissolution de l&rsquo;Assembl\u00e9e nationale, il cesse ses fonctions minist\u00e9rielles. Il retrouve la Haute Assembl\u00e9e le 27 septembre 1998 ; sa liste obtient trois si\u00e8ges. La Droite n&rsquo;avait jamais eu trois S\u00e9nateurs dans les Bouches-du-Rh\u00f4ne. Le 6 octobre 1998, il devient Vice-pr\u00e9sident du S\u00e9nat. Le 15 septembre 2000 il est \u00e9lu Pr\u00e9sident de la nouvelle Communaut\u00e9 urbaine \u00ab Marseille-Provence-M\u00e9tropole \u00bb. En 2001, Jean-Claude Gaudin sollicite un deuxi\u00e8me mandat municipal aupr\u00e8s des marseillais. Il est r\u00e9\u00e9lu maire de Marseille le 25 mars 2001 et pr\u00e9sident de la Communaut\u00e9 Urbaine Marseille-Provence-M\u00e9tropole le 11 avril suivant. Le 3 octobre 2001, Jean-Claude Gaudin est r\u00e9\u00e9lu vice-pr\u00e9sident du S\u00e9nat pour trois ans. Du 25 octobre 2002 au 24 octobre 2003, Jean-Claude Gaudin pr\u00e9side l&rsquo;Association des Communaut\u00e9s Urbaines de France. En d\u00e9cembre 2002, il succ\u00e8de \u00e0 Renaud Muselier, nomm\u00e9 Secr\u00e9taire d&rsquo;\u00c9tat aux Affaires Etrang\u00e8res, \u00e0 la Pr\u00e9sidence de l&rsquo;Etablissement Public d&rsquo;Am\u00e9nagement Eurom\u00e9diterran\u00e9e qu&rsquo;il quittera en d\u00e9cembre 2005. \u00c9lu Vice-pr\u00e9sident d\u00e9l\u00e9gu\u00e9 de l&rsquo;UMP le 17 novembre 2002, il est \u00e0 nouveau candidat \u00e0 cette fonction, aux c\u00f4t\u00e9s de Nicolas Sarkozy et de Pierre M\u00e9haignerie et r\u00e9\u00e9lu le 28 novembre 2004 Vice-pr\u00e9sident de l&rsquo;UMP dont il en devient, le 2 juin 2005, le Pr\u00e9sident d\u00e9l\u00e9gu\u00e9 \u00e0 la suite de la nomination de Nicolas Sarkozy au gouvernement. Le 6 octobre 2004, Jean-Claude Gaudin est r\u00e9\u00e9lu pour la troisi\u00e8me fois vice-pr\u00e9sident du S\u00e9nat. Il est d\u00e9sormais le premier vice-pr\u00e9sident de la Haute-Assembl\u00e9e.<br>Jean-Claude Gaudin est r\u00e9\u00e9lu maire de Marseille le 16 mars 2008. Le 21 septembre 2008, pour la 3e fois, il est \u00e9lu s\u00e9nateur des Bouches-du-Rh\u00f4ne. Et le 7 octobre suivant, il est \u00e9lu, pour la 4e fois, vice-pr\u00e9sident du S\u00e9nat. Fonction \u00e0 laquelle il renonce le 8 mars 2011, \u00e0 la suite de son \u00e9lection \u00e0 la pr\u00e9sidence du groupe UMP du S\u00e9nat, en remplacement de G\u00e9rard Longuet, devenu ministre. Il est reconduit dans cette fonction, le 27 septembre 2011, &nbsp;Il sera maire de Marseille jusqu&rsquo;en 2020 et pr\u00e9sident de la m\u00e9tropole d&rsquo;Aix-Marseille-Provence jusqu&rsquo;en 2018.<\/p><div id=\"anniv-2294839368\" class=\"anniv-contenu anniv-entity-placement\"><script async src=\"\/\/pagead2.googlesyndication.com\/pagead\/js\/adsbygoogle.js?client=ca-pub-8639961027790050\" crossorigin=\"anonymous\"><\/script><ins class=\"adsbygoogle\" style=\"display:block;\" data-ad-client=\"ca-pub-8639961027790050\" \ndata-ad-slot=\"5451536801\" \ndata-ad-format=\"auto\"><\/ins>\n<script> \n(adsbygoogle = window.adsbygoogle || []).push({}); \n<\/script>\n<\/div>\n\n\n\n<p><strong>G\u00e9n\u00e9alogie simplifi\u00e9e<\/strong><\/p>\n\n\n\n<p><strong>1) &#8211; Jean-Claude Gaudin<\/strong>, n\u00e9 \u00e0 Marseille (13) le 8 octobre 1939, &nbsp;d\u00e9c\u00e9d\u00e9 le 20 mai 2024&nbsp;\u00e0 Saint-Zacharie (83)<\/p>\n\n\n\n<p><strong>2) &#8211; Claude Fran\u00e7ois Gaudin<\/strong>, n\u00e9 \u00e0 Marseille (13) le 28 ao\u00fbt 1899, d\u00e9c\u00e9d\u00e9 \u00e0 Marseille (13) le 8 juillet 1988, mari\u00e9 le 16 novembre 1933.<\/p>\n\n\n\n<p><strong>3) &#8211; Marie-Louise Victorine Piquenot<\/strong>, n\u00e9e \u00e0 Marseille (13) le 25 juin 1906, d\u00e9c\u00e9d\u00e9e \u00e0 Marseille (13) le 1<sup>er<\/sup>&nbsp;ao\u00fbt 2000.<\/p>\n\n\n\n<p><strong><em>Les grands parents de Jean-Claude Gaudin<\/em><\/strong><\/p>\n\n\n\n<p><strong>4) &#8211; Antoine Victor Gaudin<\/strong>, ma\u00e7on, n\u00e9 \u00e0 Marseille (13) quartier de Mazargues&nbsp;&nbsp; le 24 janvier 1864, d\u00e9c\u00e9d\u00e9 \u00e0 Marseille (13) le 1<sup>er<\/sup>&nbsp;mai 1940, mari\u00e9 \u00e0 Marseille (13) le 18 octobre 1898.<\/p>\n\n\n\n<p><strong>5) &#8211; Marie Isnard<\/strong>, n\u00e9e \u00e0 Marseille (13)&nbsp; quartier de Mazargues le 26 juillet 1869, d\u00e9c\u00e9d\u00e9e \u00e0 Marseille (13) le 2 mars 1954.<\/p>\n\n\n\n<p><strong>6) &#8211; Pierre Jean Baptise Piquenot<\/strong>,&nbsp; herboriste, droguiste, n\u00e9 \u00e0 Marseille (13)&nbsp; 20 rue &nbsp;Caisserie le 19 octobre 1866, d\u00e9c\u00e9d\u00e9 \u00e0 Marseille (13) au 26, rue de Beyrouth le 25 janvier 1935, mari\u00e9 \u00e0 Marseille (13) le 29 f\u00e9vrier 1916.<\/p>\n\n\n\n<p><strong>7) &#8211; Lazarine Pauline Maillan<\/strong>, n\u00e9e \u00e0 Marseille (13) le 27 novembre 1863, d\u00e9c\u00e9d\u00e9e \u00e0 Marseille (13), le 26 f\u00e9vrier 1944.<\/p>\n\n\n\n<p><a href=\"http:\/\/www.genealogiemagazine.com\/\">La suite dans le prochain num\u00e9ro de G\u00e9n\u00e9alogie Magazine<\/a><\/p>\n<div id=\"anniv-3265755813\" class=\"anniv-apres anniv-entity-placement\"><script async src=\"\/\/pagead2.googlesyndication.com\/pagead\/js\/adsbygoogle.js?client=ca-pub-8639961027790050\" crossorigin=\"anonymous\"><\/script><ins class=\"adsbygoogle\" style=\"display:block;\" data-ad-client=\"ca-pub-8639961027790050\" \ndata-ad-slot=\"5451536801\" \ndata-ad-format=\"auto\"><\/ins>\n<script> \n(adsbygoogle = window.adsbygoogle || []).push({}); \n<\/script>\n<\/div>","protected":false},"excerpt":{"rendered":"<p>Jean-Claude Gaudin a \u00e9t\u00e9 Professeur d&rsquo;histoire et de g\u00e9ographie, il enseigne pendant plus de 15 ans au coll\u00e8ge et lyc\u00e9e Saint-Joseph les Maristes \u00e0 Marseille. Il participe tr\u00e8s jeune \u00e0 la vie politique. En 1965, apr\u00e8s son service militaire, il est \u00e9lu sur la liste socialo centriste \u00ab\u00a0Deferre-Rastoin\u00a0\u00bb contre la liste Gaulliste UNR. Il devient [&hellip;]<\/p>\n","protected":false},"author":1,"featured_media":1497,"comment_status":"closed","ping_status":"open","sticky":false,"template":"","format":"standard","meta":{"footnotes":""},"categories":[21,34],"tags":[775],"class_list":["post-1495","post","type-post","status-publish","format-standard","has-post-thumbnail","hentry","category-actualites","category-genealogies-celebres","tag-jean-claude-gaudin"],"_links":{"self":[{"href":"https:\/\/www.boutique.genealogiemagazine.com\/wp-json\/wp\/v2\/posts\/1495","targetHints":{"allow":["GET"]}}],"collection":[{"href":"https:\/\/www.boutique.genealogiemagazine.com\/wp-json\/wp\/v2\/posts"}],"about":[{"href":"https:\/\/www.boutique.genealogiemagazine.com\/wp-json\/wp\/v2\/types\/post"}],"author":[{"embeddable":true,"href":"https:\/\/www.boutique.genealogiemagazine.com\/wp-json\/wp\/v2\/users\/1"}],"replies":[{"embeddable":true,"href":"https:\/\/www.boutique.genealogiemagazine.com\/wp-json\/wp\/v2\/comments?post=1495"}],"version-history":[{"count":1,"href":"https:\/\/www.boutique.genealogiemagazine.com\/wp-json\/wp\/v2\/posts\/1495\/revisions"}],"predecessor-version":[{"id":1498,"href":"https:\/\/www.boutique.genealogiemagazine.com\/wp-json\/wp\/v2\/posts\/1495\/revisions\/1498"}],"wp:featuredmedia":[{"embeddable":true,"href":"https:\/\/www.boutique.genealogiemagazine.com\/wp-json\/wp\/v2\/media\/1497"}],"wp:attachment":[{"href":"https:\/\/www.boutique.genealogiemagazine.com\/wp-json\/wp\/v2\/media?parent=1495"}],"wp:term":[{"taxonomy":"category","embeddable":true,"href":"https:\/\/www.boutique.genealogiemagazine.com\/wp-json\/wp\/v2\/categories?post=1495"},{"taxonomy":"post_tag","embeddable":true,"href":"https:\/\/www.boutique.genealogiemagazine.com\/wp-json\/wp\/v2\/tags?post=1495"}],"curies":[{"name":"wp","href":"https:\/\/api.w.org\/{rel}","templated":true}]}}