{"id":1759,"date":"2024-06-27T17:09:47","date_gmt":"2024-06-27T15:09:47","guid":{"rendered":"https:\/\/www.boutique.genealogiemagazine.com\/?p=1759"},"modified":"2024-06-27T17:10:19","modified_gmt":"2024-06-27T15:10:19","slug":"lancienne-paroisse-de-guer","status":"publish","type":"post","link":"https:\/\/www.boutique.genealogiemagazine.com\/2024\/06\/27\/lancienne-paroisse-de-guer\/","title":{"rendered":"L\u2019Ancienne Paroisse de Guer"},"content":{"rendered":"\n<p>Cette antique paroisse, consid\u00e9r\u00e9e dans son \u00e9tendue primitive, c&rsquo;est-\u00e0-dire, avec Monteneuf, Porcaro, Saint-Raoul et la Telhaie, mesurait une superficie totale de 9.420 hectares.<\/p><div id=\"anniv-2355558868\" class=\"anniv-contenu anniv-entity-placement\"><script async src=\"\/\/pagead2.googlesyndication.com\/pagead\/js\/adsbygoogle.js?client=ca-pub-8639961027790050\" crossorigin=\"anonymous\"><\/script><ins class=\"adsbygoogle\" style=\"display:block;\" data-ad-client=\"ca-pub-8639961027790050\" \ndata-ad-slot=\"5451536801\" \ndata-ad-format=\"auto\"><\/ins>\n<script> \n(adsbygoogle = window.adsbygoogle || []).push({}); \n<\/script>\n<\/div>\n\n\n\n<p>Elle avait pour limites : au nord, Beignon et Saint-Malo-de-Beignon ; \u00e0 l&rsquo;est, Comblessac, Loutehel, Pl\u00e9lan et la rivi\u00e8re d&rsquo;Aff; au sud, la voie domaine longeant Carentoir, et \u00e0 l&rsquo;ouest, Augan.<\/p>\n\n\n\n<p>Ses principaux villages sont : en Guer, La Bardoulais, Le Boscher, La Boulais, La Bruy\u00e8re, La Chauss\u00e9e, village partie commune de Guer, partie commune de Carentoir ; Le Clos-Arraud, Les Cormiers, Couenuel, Le Hanl\u00e9e, Larmelais, L\u00e9teneuc, Les Moustiers, La Peignardais, Le Prado, La Ru\u00e9zie, Saint-Etienne, Saint-Marc, Saint-Nicolas, Tellian, Le Tertre-B\u00e9ch\u00e9py, Tessiac, La Touche-Buis, Tr\u00e9veneuc, Le Valescan, La Vall\u00e9e-Perrot, La Ville-Boscher. En Monteneuf : La Boissi\u00e8re-Boquid\u00e9, La Boissi\u00e8re-Cado, Le Clos-Chapel, La Corbinais, La Gr\u00e9e-Basse, Saint-M\u00e9en, La Tremblais, La Ville-au-Comte, La Ville-Hue, La Ville-Marqu\u00e9. En Porcaro : Le Busson, La Desmardais, L&rsquo;Echange, La Pierre, Le Plessis-Arraud, La Priaudais, Le Puits, La Touche-Estienne, Le Vautoudan et La Ville-Briend. Ajoutez \u00e0 tout cela une quantit\u00e9 de hameaux et de fermes, dont l&rsquo;\u00e9num\u00e9ration serait trop longue, et vous aurez une id\u00e9e de l&rsquo;importance de cette vieille paroisse.<\/p>\n\n\n\n<p class=\"has-text-align-right\"><strong>Prix : 40,00 \u20ac<\/strong><\/p>\n\n\n\n<p class=\"has-text-align-right\"><a href=\"https:\/\/www.librairie-genealogique.com\/fr\/accueil\/10711-lancienne-paroisse-de-guer.html\">Commander<\/a><\/p>\n<div id=\"anniv-2147428316\" class=\"anniv-apres anniv-entity-placement\"><script async src=\"\/\/pagead2.googlesyndication.com\/pagead\/js\/adsbygoogle.js?client=ca-pub-8639961027790050\" crossorigin=\"anonymous\"><\/script><ins class=\"adsbygoogle\" style=\"display:block;\" data-ad-client=\"ca-pub-8639961027790050\" \ndata-ad-slot=\"5451536801\" \ndata-ad-format=\"auto\"><\/ins>\n<script> \n(adsbygoogle = window.adsbygoogle || []).push({}); \n<\/script>\n<\/div>","protected":false},"excerpt":{"rendered":"<p>Cette antique paroisse, consid\u00e9r\u00e9e dans son \u00e9tendue primitive, c&rsquo;est-\u00e0-dire, avec Monteneuf, Porcaro, Saint-Raoul et la Telhaie, mesurait une superficie totale de 9.420 hectares. Elle avait pour limites : au nord, Beignon et Saint-Malo-de-Beignon ; \u00e0 l&rsquo;est, Comblessac, Loutehel, Pl\u00e9lan et la rivi\u00e8re d&rsquo;Aff; au sud, la voie domaine longeant Carentoir, et \u00e0 l&rsquo;ouest, Augan. Ses [&hellip;]<\/p>\n","protected":false},"author":1,"featured_media":1760,"comment_status":"closed","ping_status":"closed","sticky":false,"template":"","format":"standard","meta":{"footnotes":""},"categories":[21,869,96],"tags":[876,875],"class_list":["post-1759","post","type-post","status-publish","format-standard","has-post-thumbnail","hentry","category-actualites","category-bretagne","category-librairie","tag-bretagne","tag-guer"],"_links":{"self":[{"href":"https:\/\/www.boutique.genealogiemagazine.com\/wp-json\/wp\/v2\/posts\/1759","targetHints":{"allow":["GET"]}}],"collection":[{"href":"https:\/\/www.boutique.genealogiemagazine.com\/wp-json\/wp\/v2\/posts"}],"about":[{"href":"https:\/\/www.boutique.genealogiemagazine.com\/wp-json\/wp\/v2\/types\/post"}],"author":[{"embeddable":true,"href":"https:\/\/www.boutique.genealogiemagazine.com\/wp-json\/wp\/v2\/users\/1"}],"replies":[{"embeddable":true,"href":"https:\/\/www.boutique.genealogiemagazine.com\/wp-json\/wp\/v2\/comments?post=1759"}],"version-history":[{"count":3,"href":"https:\/\/www.boutique.genealogiemagazine.com\/wp-json\/wp\/v2\/posts\/1759\/revisions"}],"predecessor-version":[{"id":1763,"href":"https:\/\/www.boutique.genealogiemagazine.com\/wp-json\/wp\/v2\/posts\/1759\/revisions\/1763"}],"wp:featuredmedia":[{"embeddable":true,"href":"https:\/\/www.boutique.genealogiemagazine.com\/wp-json\/wp\/v2\/media\/1760"}],"wp:attachment":[{"href":"https:\/\/www.boutique.genealogiemagazine.com\/wp-json\/wp\/v2\/media?parent=1759"}],"wp:term":[{"taxonomy":"category","embeddable":true,"href":"https:\/\/www.boutique.genealogiemagazine.com\/wp-json\/wp\/v2\/categories?post=1759"},{"taxonomy":"post_tag","embeddable":true,"href":"https:\/\/www.boutique.genealogiemagazine.com\/wp-json\/wp\/v2\/tags?post=1759"}],"curies":[{"name":"wp","href":"https:\/\/api.w.org\/{rel}","templated":true}]}}