{"id":1798,"date":"2024-07-11T11:09:01","date_gmt":"2024-07-11T09:09:01","guid":{"rendered":"https:\/\/www.boutique.genealogiemagazine.com\/?p=1798"},"modified":"2024-07-11T11:09:05","modified_gmt":"2024-07-11T09:09:05","slug":"genealogie-du-premier-ministre-du-royaume-uni-keir-starmer","status":"publish","type":"post","link":"https:\/\/www.boutique.genealogiemagazine.com\/2024\/07\/11\/genealogie-du-premier-ministre-du-royaume-uni-keir-starmer\/","title":{"rendered":"G\u00e9n\u00e9alogie du premier ministre du Royaume-Uni Keir Starmer"},"content":{"rendered":"\n<p>N\u00e9 le 2 septembre 1962 dans le quartier de Southwark, \u00e0 Londres (Royaume-Uni),fils d&rsquo;un ouvrier d\u2019usine et d&rsquo;une infirmi\u00e8re, il grandit avec ses trois fr\u00e8res et soeurs dans le Surrey puis il obtient ses dipl\u00f4mes en droit de l&rsquo;universit\u00e9 de Leeds et de l&rsquo;universit\u00e9 d&rsquo;Oxford.<\/p><div id=\"anniv-587977900\" class=\"anniv-contenu anniv-entity-placement\"><script async src=\"\/\/pagead2.googlesyndication.com\/pagead\/js\/adsbygoogle.js?client=ca-pub-8639961027790050\" crossorigin=\"anonymous\"><\/script><ins class=\"adsbygoogle\" style=\"display:block;\" data-ad-client=\"ca-pub-8639961027790050\" \ndata-ad-slot=\"5451536801\" \ndata-ad-format=\"auto\"><\/ins>\n<script> \n(adsbygoogle = window.adsbygoogle || []).push({}); \n<\/script>\n<\/div>\n\n\n\n<p>Avocat sp\u00e9cialis\u00e9 dans les droits de l\u2019Homme, il combat la peine de mort aux Cara\u00efbes, affronte la multinationale McDonald&rsquo;s et s&rsquo;oppose \u00e0 la fermeture des mines au Royaume-Uni. Keir Starmer participe ensuite \u00e0 l\u2019\u00e9laboration des nouveaux services de police en Irlande du Nord, le Police Service of Northern Ireland (PSNI) entre 2003 et 2008, <strong>ce qui lui vaut de devenir procureur g\u00e9n\u00e9ral du pays et d\u2019\u00eatre anobli par la reine en 2014.<\/strong><\/p>\n\n\n\n<p>En 2015, Keir Starmer est \u00e9lu d\u00e9put\u00e9 \u00e0 la Chambre des communes pour la circonscription de Holborn and St Pancras. Il se d\u00e9clare favorable \u00e0 l&rsquo;int\u00e9gration du Royaume-Uni au sein de l&rsquo;Union europ\u00e9enne et se positionne contre le Brexit, devenu effectif en janvier 2020. <strong>Le 4 avril 2020, il succ\u00e8de \u00e0 Jeremy Corbyn \u00e0 la t\u00eate du Parti Travailliste.<\/strong> Il exclu ce dernier du parti et l\u2019exclut de son groupe parlementaire, pour avoir nuanc\u00e9 les conclusions d&rsquo;un rapport sur l&rsquo;attitude du Labour face \u00e0 l&rsquo;antis\u00e9mitisme. Le chef de file des Travaillistes effectue plusieurs purges et r\u00e9aligne id\u00e9ologiquement le parti vers le centre.<\/p>\n\n\n\n<p>Lorsque la reine Elisabeth II d\u00e9c\u00e8de, Keir Starmer, il devient le premier chef de l&rsquo;opposition officielle du nouveau roi Charles III.<\/p>\n\n\n\n<p><strong>Le 5 juillet 2024, il est nomm\u00e9 Premier ministre du Royaume-Uni par le roi Charles III, le Parti travailliste remportant une large majorit\u00e9 aux \u00e9lections g\u00e9n\u00e9rales anticip\u00e9es.<\/strong><\/p>\n\n\n\n<p><strong>C\u00f4t\u00e9 vie priv\u00e9e<\/strong>, Keir Starmer se marie avec l\u2019ancienne avocate Victoria Alexander en 2007. Le couple a deux enfants&nbsp;: un gar\u00e7on n\u00e9 en 2008 et une fille n\u00e9e en 2009.<\/p>\n\n\n\n<p><strong>G\u00e9n\u00e9alogie<\/strong><\/p>\n\n\n\n<p><strong>N\u00b0 1 &#8211; Keir Starmer<\/strong>, n\u00e9 le 2 septembre 1962 dans le quartier de Southwark, \u00e0 Londres (Royaume-Uni)<\/p>\n\n\n\n<p><strong>N\u00b0 2 &#8211; Rodney Starmer<\/strong>, n\u00e9 en 1935, d\u00e9c\u00e9d\u00e9 en 2018, ouvrier d&rsquo;usine.<\/p>\n\n\n\n<p><strong>N\u00b0 3 &#8211; Josephine A. Baker,<\/strong> n\u00e9e en 1935, d\u00e9c\u00e9d\u00e9e en 2015, infirmi\u00e8re<\/p>\n\n\n\n<p><strong><em>Les grands-parents de <\/em><\/strong><strong><em>Keir Starmer<\/em><\/strong><\/p>\n\n\n\n<p><strong>N\u00b0 4 &#8211; <\/strong><strong>Herbert (\u00ab Bertie \u00bb) Starmer<\/strong>, n\u00e9 en 1905 \u00e0 Everton, Liverpool (Royaume-Uni), d\u00e9c\u00e9d\u00e9 en 1991.<\/p>\n\n\n\n<p><strong>N\u00b0 5 &#8211; Doris Edith Parsons<\/strong>, n\u00e9e en 1907 \u00e0 &nbsp;Caterham, Surrey (Royaume-Uni)<\/p>\n\n\n\n<p><strong>N\u00b0 6 &#8211; Ronald Frank Baker,<\/strong> n\u00e9 en 1911<\/p>\n\n\n\n<p><strong>N\u00b0 7 &#8211; Marjorie Jones,<\/strong> n\u00e9e en 1915<\/p>\n\n\n\n<p>La suite dans la prochain num\u00e9ro de <a href=\"http:\/\/www.genealogiemagazine.com\">G\u00e9n\u00e9alogie-Magazine<\/a><\/p>\n<div id=\"anniv-1434372773\" class=\"anniv-apres anniv-entity-placement\"><script async src=\"\/\/pagead2.googlesyndication.com\/pagead\/js\/adsbygoogle.js?client=ca-pub-8639961027790050\" crossorigin=\"anonymous\"><\/script><ins class=\"adsbygoogle\" style=\"display:block;\" data-ad-client=\"ca-pub-8639961027790050\" \ndata-ad-slot=\"5451536801\" \ndata-ad-format=\"auto\"><\/ins>\n<script> \n(adsbygoogle = window.adsbygoogle || []).push({}); \n<\/script>\n<\/div>","protected":false},"excerpt":{"rendered":"<p>N\u00e9 le 2 septembre 1962 dans le quartier de Southwark, \u00e0 Londres (Royaume-Uni),fils d&rsquo;un ouvrier d\u2019usine et d&rsquo;une infirmi\u00e8re, il grandit avec ses trois fr\u00e8res et soeurs dans le Surrey puis il obtient ses dipl\u00f4mes en droit de l&rsquo;universit\u00e9 de Leeds et de l&rsquo;universit\u00e9 d&rsquo;Oxford. Avocat sp\u00e9cialis\u00e9 dans les droits de l\u2019Homme, il combat la [&hellip;]<\/p>\n","protected":false},"author":1,"featured_media":1799,"comment_status":"closed","ping_status":"closed","sticky":false,"template":"","format":"standard","meta":{"footnotes":""},"categories":[21,34,891],"tags":[893,892],"class_list":["post-1798","post","type-post","status-publish","format-standard","has-post-thumbnail","hentry","category-actualites","category-genealogies-celebres","category-royaume-uni","tag-keir-starmer","tag-royaume-uni"],"_links":{"self":[{"href":"https:\/\/www.boutique.genealogiemagazine.com\/wp-json\/wp\/v2\/posts\/1798","targetHints":{"allow":["GET"]}}],"collection":[{"href":"https:\/\/www.boutique.genealogiemagazine.com\/wp-json\/wp\/v2\/posts"}],"about":[{"href":"https:\/\/www.boutique.genealogiemagazine.com\/wp-json\/wp\/v2\/types\/post"}],"author":[{"embeddable":true,"href":"https:\/\/www.boutique.genealogiemagazine.com\/wp-json\/wp\/v2\/users\/1"}],"replies":[{"embeddable":true,"href":"https:\/\/www.boutique.genealogiemagazine.com\/wp-json\/wp\/v2\/comments?post=1798"}],"version-history":[{"count":1,"href":"https:\/\/www.boutique.genealogiemagazine.com\/wp-json\/wp\/v2\/posts\/1798\/revisions"}],"predecessor-version":[{"id":1800,"href":"https:\/\/www.boutique.genealogiemagazine.com\/wp-json\/wp\/v2\/posts\/1798\/revisions\/1800"}],"wp:featuredmedia":[{"embeddable":true,"href":"https:\/\/www.boutique.genealogiemagazine.com\/wp-json\/wp\/v2\/media\/1799"}],"wp:attachment":[{"href":"https:\/\/www.boutique.genealogiemagazine.com\/wp-json\/wp\/v2\/media?parent=1798"}],"wp:term":[{"taxonomy":"category","embeddable":true,"href":"https:\/\/www.boutique.genealogiemagazine.com\/wp-json\/wp\/v2\/categories?post=1798"},{"taxonomy":"post_tag","embeddable":true,"href":"https:\/\/www.boutique.genealogiemagazine.com\/wp-json\/wp\/v2\/tags?post=1798"}],"curies":[{"name":"wp","href":"https:\/\/api.w.org\/{rel}","templated":true}]}}