{"id":2154,"date":"2025-10-01T16:18:13","date_gmt":"2025-10-01T14:18:13","guid":{"rendered":"https:\/\/www.boutique.genealogiemagazine.com\/?p=2154"},"modified":"2026-01-12T10:18:53","modified_gmt":"2026-01-12T09:18:53","slug":"la-librairie-de-la-voute-fete-ses-80-ans","status":"publish","type":"post","link":"https:\/\/www.boutique.genealogiemagazine.com\/2025\/10\/01\/la-librairie-de-la-voute-fete-ses-80-ans\/","title":{"rendered":"La Librairie de la Vo\u00fbte f\u00eate ses 80 ans"},"content":{"rendered":"\n<p>En 2025, la Librairie de la Vo\u00fbte f\u00eate ses 80 ans. Cr\u00e9\u00e9e en d\u00e9cembre 1945, au lendemain de la Seconde Guerre mondiale, elle incarne depuis 8 d\u00e9cennies le livre, et depuis 30 ans la g\u00e9n\u00e9alogie\u2026<\/p><div id=\"anniv-169330327\" class=\"anniv-contenu anniv-entity-placement\"><script async src=\"\/\/pagead2.googlesyndication.com\/pagead\/js\/adsbygoogle.js?client=ca-pub-8639961027790050\" crossorigin=\"anonymous\"><\/script><ins class=\"adsbygoogle\" style=\"display:block;\" data-ad-client=\"ca-pub-8639961027790050\" \ndata-ad-slot=\"5451536801\" \ndata-ad-format=\"auto\"><\/ins>\n<script> \n(adsbygoogle = window.adsbygoogle || []).push({}); \n<\/script>\n<\/div>\n\n\n\n<p class=\"has-colibri-color-6-color has-text-color has-link-color wp-elements-568e2574122e51b15b546be01b619fad\">Retrouver nos offres sur le site internet <a href=\"https:\/\/www.boutique.genealogiemagazine.com\">boutique.genealogiemagazine.com<\/a> avec le code <strong>ANNIVERSAIRE<\/strong><br>du 1 octobre au 31 d\u00e9cembre 2025.<\/p>\n\n\n\n<p><\/p>\n\n\n\n<p><\/p>\n\n\n\n<p><\/p>\n<div id=\"anniv-367358917\" class=\"anniv-apres anniv-entity-placement\"><script async src=\"\/\/pagead2.googlesyndication.com\/pagead\/js\/adsbygoogle.js?client=ca-pub-8639961027790050\" crossorigin=\"anonymous\"><\/script><ins class=\"adsbygoogle\" style=\"display:block;\" data-ad-client=\"ca-pub-8639961027790050\" \ndata-ad-slot=\"5451536801\" \ndata-ad-format=\"auto\"><\/ins>\n<script> \n(adsbygoogle = window.adsbygoogle || []).push({}); \n<\/script>\n<\/div>","protected":false},"excerpt":{"rendered":"<p>En 2025, la Librairie de la Vo\u00fbte f\u00eate ses 80 ans. Cr\u00e9\u00e9e en d\u00e9cembre 1945, au lendemain de la Seconde Guerre mondiale, elle incarne depuis 8 d\u00e9cennies le livre, et depuis 30 ans la g\u00e9n\u00e9alogie\u2026 Retrouver nos offres sur le site internet boutique.genealogiemagazine.com avec le code ANNIVERSAIREdu 1 octobre au 31 d\u00e9cembre 2025.<\/p>\n","protected":false},"author":1,"featured_media":2155,"comment_status":"closed","ping_status":"closed","sticky":false,"template":"","format":"standard","meta":{"footnotes":""},"categories":[21],"tags":[935],"class_list":["post-2154","post","type-post","status-publish","format-standard","has-post-thumbnail","hentry","category-actualites","tag-librairie-de-la-voute"],"_links":{"self":[{"href":"https:\/\/www.boutique.genealogiemagazine.com\/wp-json\/wp\/v2\/posts\/2154","targetHints":{"allow":["GET"]}}],"collection":[{"href":"https:\/\/www.boutique.genealogiemagazine.com\/wp-json\/wp\/v2\/posts"}],"about":[{"href":"https:\/\/www.boutique.genealogiemagazine.com\/wp-json\/wp\/v2\/types\/post"}],"author":[{"embeddable":true,"href":"https:\/\/www.boutique.genealogiemagazine.com\/wp-json\/wp\/v2\/users\/1"}],"replies":[{"embeddable":true,"href":"https:\/\/www.boutique.genealogiemagazine.com\/wp-json\/wp\/v2\/comments?post=2154"}],"version-history":[{"count":1,"href":"https:\/\/www.boutique.genealogiemagazine.com\/wp-json\/wp\/v2\/posts\/2154\/revisions"}],"predecessor-version":[{"id":2156,"href":"https:\/\/www.boutique.genealogiemagazine.com\/wp-json\/wp\/v2\/posts\/2154\/revisions\/2156"}],"wp:featuredmedia":[{"embeddable":true,"href":"https:\/\/www.boutique.genealogiemagazine.com\/wp-json\/wp\/v2\/media\/2155"}],"wp:attachment":[{"href":"https:\/\/www.boutique.genealogiemagazine.com\/wp-json\/wp\/v2\/media?parent=2154"}],"wp:term":[{"taxonomy":"category","embeddable":true,"href":"https:\/\/www.boutique.genealogiemagazine.com\/wp-json\/wp\/v2\/categories?post=2154"},{"taxonomy":"post_tag","embeddable":true,"href":"https:\/\/www.boutique.genealogiemagazine.com\/wp-json\/wp\/v2\/tags?post=2154"}],"curies":[{"name":"wp","href":"https:\/\/api.w.org\/{rel}","templated":true}]}}