{"id":2400,"date":"2026-03-09T10:13:52","date_gmt":"2026-03-09T09:13:52","guid":{"rendered":"https:\/\/www.boutique.genealogiemagazine.com\/?p=2400"},"modified":"2026-03-21T09:33:44","modified_gmt":"2026-03-21T08:33:44","slug":"conference-le-desert-de-retz-une-histoire-de-250-annees-le-10-mars-a-paris","status":"publish","type":"post","link":"https:\/\/www.boutique.genealogiemagazine.com\/2026\/03\/09\/conference-le-desert-de-retz-une-histoire-de-250-annees-le-10-mars-a-paris\/","title":{"rendered":"Conf\u00e9rence Le d\u00e9sert de Retz, une histoire de 250 ann\u00e9es le 10 mars \u00e0 Paris"},"content":{"rendered":"\n<p>Le Mardi 10 mars \u00e0 15h30 aux Archives de Paris (19e), conf\u00e9rence sur le d\u00e9sert de Retz, une histoire de 250 ann\u00e9es &nbsp;par Pierre \u00c9mile Renard, pr\u00e9sident du D\u00e9sert de Retz<\/p><div id=\"anniv-1082353883\" class=\"anniv-contenu anniv-entity-placement\"><script async src=\"\/\/pagead2.googlesyndication.com\/pagead\/js\/adsbygoogle.js?client=ca-pub-8639961027790050\" crossorigin=\"anonymous\"><\/script><ins class=\"adsbygoogle\" style=\"display:block;\" data-ad-client=\"ca-pub-8639961027790050\" \ndata-ad-slot=\"5451536801\" \ndata-ad-format=\"auto\"><\/ins>\n<script> \n(adsbygoogle = window.adsbygoogle || []).push({}); \n<\/script>\n<\/div>\n\n\n\n<p>Organisateur : Soci\u00e9t\u00e9 de l&rsquo;histoire de Paris et de l&rsquo;\u00cele-de-France<\/p>\n\n\n\n<p>En savoir plus : <a href=\"https:\/\/shpif.fr\/?fbclid=IwZXh0bgNhZW0CMTAAYnJpZBExQ284Z0FZbVQ4R2oySXQ0Z3NydGMGYXBwX2lkEDIyMjAzOTE3ODgyMDA4OTIAAR5JYAn5BS7FYSwYd4dRiwpe4upVbuDoTD2sTqk-H5XGySiFKgirc4nbpKhg_w_aem_RWowCRrOIv0oS_u6ZHDo_A\" target=\"_blank\" rel=\"noreferrer noopener\"><strong>https:\/\/shpif.fr\/<\/strong><\/a><\/p>\n\n\n\n<p><\/p>\n<div id=\"anniv-640833759\" class=\"anniv-apres anniv-entity-placement\"><script async src=\"\/\/pagead2.googlesyndication.com\/pagead\/js\/adsbygoogle.js?client=ca-pub-8639961027790050\" crossorigin=\"anonymous\"><\/script><ins class=\"adsbygoogle\" style=\"display:block;\" data-ad-client=\"ca-pub-8639961027790050\" \ndata-ad-slot=\"5451536801\" \ndata-ad-format=\"auto\"><\/ins>\n<script> \n(adsbygoogle = window.adsbygoogle || []).push({}); \n<\/script>\n<\/div>","protected":false},"excerpt":{"rendered":"<p>Le Mardi 10 mars \u00e0 15h30 aux Archives de Paris (19e), conf\u00e9rence sur le d\u00e9sert de Retz, une histoire de 250 ann\u00e9es &nbsp;par Pierre \u00c9mile Renard, pr\u00e9sident du D\u00e9sert de Retz Organisateur : Soci\u00e9t\u00e9 de l&rsquo;histoire de Paris et de l&rsquo;\u00cele-de-France En savoir plus : https:\/\/shpif.fr\/<\/p>\n","protected":false},"author":1,"featured_media":2401,"comment_status":"closed","ping_status":"closed","sticky":false,"template":"","format":"standard","meta":{"footnotes":""},"categories":[21,1100,937],"tags":[1101,1102,1103,1104],"class_list":["post-2400","post","type-post","status-publish","format-standard","has-post-thumbnail","hentry","category-actualites","category-conferences","category-ile-de-france","tag-conference","tag-desert-de-retz","tag-pierre-emile-renard","tag-societe-de-lhistoire-de-paris-et-de-lile-de-france"],"_links":{"self":[{"href":"https:\/\/www.boutique.genealogiemagazine.com\/wp-json\/wp\/v2\/posts\/2400","targetHints":{"allow":["GET"]}}],"collection":[{"href":"https:\/\/www.boutique.genealogiemagazine.com\/wp-json\/wp\/v2\/posts"}],"about":[{"href":"https:\/\/www.boutique.genealogiemagazine.com\/wp-json\/wp\/v2\/types\/post"}],"author":[{"embeddable":true,"href":"https:\/\/www.boutique.genealogiemagazine.com\/wp-json\/wp\/v2\/users\/1"}],"replies":[{"embeddable":true,"href":"https:\/\/www.boutique.genealogiemagazine.com\/wp-json\/wp\/v2\/comments?post=2400"}],"version-history":[{"count":2,"href":"https:\/\/www.boutique.genealogiemagazine.com\/wp-json\/wp\/v2\/posts\/2400\/revisions"}],"predecessor-version":[{"id":2403,"href":"https:\/\/www.boutique.genealogiemagazine.com\/wp-json\/wp\/v2\/posts\/2400\/revisions\/2403"}],"wp:featuredmedia":[{"embeddable":true,"href":"https:\/\/www.boutique.genealogiemagazine.com\/wp-json\/wp\/v2\/media\/2401"}],"wp:attachment":[{"href":"https:\/\/www.boutique.genealogiemagazine.com\/wp-json\/wp\/v2\/media?parent=2400"}],"wp:term":[{"taxonomy":"category","embeddable":true,"href":"https:\/\/www.boutique.genealogiemagazine.com\/wp-json\/wp\/v2\/categories?post=2400"},{"taxonomy":"post_tag","embeddable":true,"href":"https:\/\/www.boutique.genealogiemagazine.com\/wp-json\/wp\/v2\/tags?post=2400"}],"curies":[{"name":"wp","href":"https:\/\/api.w.org\/{rel}","templated":true}]}}