{"id":2404,"date":"2026-03-12T12:10:29","date_gmt":"2026-03-12T11:10:29","guid":{"rendered":"https:\/\/www.boutique.genealogiemagazine.com\/?p=2404"},"modified":"2026-03-12T12:10:31","modified_gmt":"2026-03-12T11:10:31","slug":"les-2-sieges-de-paris-1870-1871-et-ses-consequences-pour-le-12e","status":"publish","type":"post","link":"https:\/\/www.boutique.genealogiemagazine.com\/2026\/03\/12\/les-2-sieges-de-paris-1870-1871-et-ses-consequences-pour-le-12e\/","title":{"rendered":"Les 2 si\u00e8ges de Paris (1870-1871) et ses cons\u00e9quences pour le 12e"},"content":{"rendered":"\n<p>Conf\u00e9rence Les 2 si\u00e8ges de1870-1871) et leurs cons\u00e9quences pour le 12e. Conf\u00e9rence anim\u00e9e par Jean-Fran\u00e7ois Decraene, historien de la M\u00e9moire le 26 mars \u00e0 16 h, adresse le Chantier 24 rue Antoine-Julien H\u00e9nard 75012 Paris<\/p><div id=\"anniv-4242398442\" class=\"anniv-contenu anniv-entity-placement\"><script async src=\"\/\/pagead2.googlesyndication.com\/pagead\/js\/adsbygoogle.js?client=ca-pub-8639961027790050\" crossorigin=\"anonymous\"><\/script><ins class=\"adsbygoogle\" style=\"display:block;\" data-ad-client=\"ca-pub-8639961027790050\" \ndata-ad-slot=\"5451536801\" \ndata-ad-format=\"auto\"><\/ins>\n<script> \n(adsbygoogle = window.adsbygoogle || []).push({}); \n<\/script>\n<\/div>\n\n\n\n<p>tarif adh\u00e9rent, Il est demand\u00e9 aux non-adh\u00e9rents une participation au frais de location de la salle de 5\u20ac<\/p>\n\n\n\n<p>Contact : hp12asso@gmail.com<\/p>\n\n\n\n<p>Histoire et patrimoine du 12\u00e8me<\/p>\n<div id=\"anniv-3971630525\" class=\"anniv-apres anniv-entity-placement\"><script async src=\"\/\/pagead2.googlesyndication.com\/pagead\/js\/adsbygoogle.js?client=ca-pub-8639961027790050\" crossorigin=\"anonymous\"><\/script><ins class=\"adsbygoogle\" style=\"display:block;\" data-ad-client=\"ca-pub-8639961027790050\" \ndata-ad-slot=\"5451536801\" \ndata-ad-format=\"auto\"><\/ins>\n<script> \n(adsbygoogle = window.adsbygoogle || []).push({}); \n<\/script>\n<\/div>","protected":false},"excerpt":{"rendered":"<p>Conf\u00e9rence Les 2 si\u00e8ges de1870-1871) et leurs cons\u00e9quences pour le 12e. Conf\u00e9rence anim\u00e9e par Jean-Fran\u00e7ois Decraene, historien de la M\u00e9moire le 26 mars \u00e0 16 h, adresse le Chantier 24 rue Antoine-Julien H\u00e9nard 75012 Paris tarif adh\u00e9rent, Il est demand\u00e9 aux non-adh\u00e9rents une participation au frais de location de la salle de 5\u20ac Contact : [&hellip;]<\/p>\n","protected":false},"author":1,"featured_media":2406,"comment_status":"open","ping_status":"open","sticky":false,"template":"","format":"standard","meta":{"footnotes":""},"categories":[21,937],"tags":[1105,1106],"class_list":["post-2404","post","type-post","status-publish","format-standard","has-post-thumbnail","hentry","category-actualites","category-ile-de-france","tag-2-sieges-de-paris","tag-francois-decraene"],"_links":{"self":[{"href":"https:\/\/www.boutique.genealogiemagazine.com\/wp-json\/wp\/v2\/posts\/2404","targetHints":{"allow":["GET"]}}],"collection":[{"href":"https:\/\/www.boutique.genealogiemagazine.com\/wp-json\/wp\/v2\/posts"}],"about":[{"href":"https:\/\/www.boutique.genealogiemagazine.com\/wp-json\/wp\/v2\/types\/post"}],"author":[{"embeddable":true,"href":"https:\/\/www.boutique.genealogiemagazine.com\/wp-json\/wp\/v2\/users\/1"}],"replies":[{"embeddable":true,"href":"https:\/\/www.boutique.genealogiemagazine.com\/wp-json\/wp\/v2\/comments?post=2404"}],"version-history":[{"count":2,"href":"https:\/\/www.boutique.genealogiemagazine.com\/wp-json\/wp\/v2\/posts\/2404\/revisions"}],"predecessor-version":[{"id":2407,"href":"https:\/\/www.boutique.genealogiemagazine.com\/wp-json\/wp\/v2\/posts\/2404\/revisions\/2407"}],"wp:featuredmedia":[{"embeddable":true,"href":"https:\/\/www.boutique.genealogiemagazine.com\/wp-json\/wp\/v2\/media\/2406"}],"wp:attachment":[{"href":"https:\/\/www.boutique.genealogiemagazine.com\/wp-json\/wp\/v2\/media?parent=2404"}],"wp:term":[{"taxonomy":"category","embeddable":true,"href":"https:\/\/www.boutique.genealogiemagazine.com\/wp-json\/wp\/v2\/categories?post=2404"},{"taxonomy":"post_tag","embeddable":true,"href":"https:\/\/www.boutique.genealogiemagazine.com\/wp-json\/wp\/v2\/tags?post=2404"}],"curies":[{"name":"wp","href":"https:\/\/api.w.org\/{rel}","templated":true}]}}