{"id":464,"date":"2023-06-01T10:29:55","date_gmt":"2023-06-01T08:29:55","guid":{"rendered":"https:\/\/discount-genealogie-magazine.editions-christian.com\/?p=464"},"modified":"2023-06-01T10:32:57","modified_gmt":"2023-06-01T08:32:57","slug":"les-rendez-vous-de-la-genealogie-2023-a-campeneac-56","status":"publish","type":"post","link":"https:\/\/www.boutique.genealogiemagazine.com\/2023\/06\/01\/les-rendez-vous-de-la-genealogie-2023-a-campeneac-56\/","title":{"rendered":"Les Rendez-vous de la G\u00e9n\u00e9alogie 2023 \u00e0 Camp\u00e9n\u00e9ac (56)"},"content":{"rendered":"\n<p>G\u00e9n\u00e9aFrancoBelge sera l\u2019invit\u00e9e d\u2019honneur de la dix-septi\u00e8me \u00e9dition des Rendez-vous de la G\u00e9n\u00e9alogie qui se tiendra \u00e0 Camp\u00e9n\u00e9ac (56) les 15 &amp; 16 juillet 2023 (en partenariat avec la Librairie de la Vo\u00fbte et le site internet webgenealogie.com).<br>Un hall d\u2019exposition accueillant plus de quarante exposants associations &amp; professionnels du monde de la g\u00e9n\u00e9alogie), des d\u00e9monstrations de logiciel G\u00e9n\u00e9aTique, H\u00e9r\u00e9dis, Sajef), des bases de donn\u00e9es (plus de 50 millions d\u2019actes sur la Bretagne) des s\u00e9ances de d\u00e9dicace, plusieurs expositions : les personnages c\u00e9l\u00e8bres du Morbihan, Cartes postales anciennes, les vieux m\u00e9tiers.<\/p><div id=\"anniv-11376217\" class=\"anniv-contenu anniv-entity-placement\"><script async src=\"\/\/pagead2.googlesyndication.com\/pagead\/js\/adsbygoogle.js?client=ca-pub-8639961027790050\" crossorigin=\"anonymous\"><\/script><ins class=\"adsbygoogle\" style=\"display:block;\" data-ad-client=\"ca-pub-8639961027790050\" \ndata-ad-slot=\"5451536801\" \ndata-ad-format=\"auto\"><\/ins>\n<script> \n(adsbygoogle = window.adsbygoogle || []).push({}); \n<\/script>\n<\/div>\n\n\n\n<p><br>Entr\u00e9e libre et gratuite \u00e0 la Salle polyvalente de 14 h \u00e0 19 h le samedi et de 10 h \u00e0 18 h 00 le dimanche.<\/p>\n\n\n\n<p><strong><a href=\"http:\/\/genehisto-campeneac.fr\/\">Histoire et g\u00e9n\u00e9alogie de Camp\u00e9n\u00e9ac et des environs<\/a><\/strong><\/p>\n\n\n\n<p><a href=\"https:\/\/genehisto-campeneac.fr\/\">https:\/\/genehisto-campeneac.fr\/<\/a><\/p>\n\n\n\n<p>Si\u00e8ge : 20 Ferdonnant \u2013 56800 Camp\u00e9n\u00e9ac, Morbihan<\/p>\n\n\n\n<p>Groupe facebook<\/p>\n\n\n\n<p><a href=\"https:\/\/www.facebook.com\/groups\/1674399132736855\/\">https:\/\/www.facebook.com\/groups\/1674399132736855\/<\/a><\/p>\n\n\n\n<p>E-mail :&nbsp;<a href=\"https:\/\/genehisto-campeneac.fr\/association\/contact@genehisto-campeneac.fr\">contact@genehisto-campeneac.fr<\/a><\/p>\n<div id=\"anniv-973456689\" class=\"anniv-apres anniv-entity-placement\"><script async src=\"\/\/pagead2.googlesyndication.com\/pagead\/js\/adsbygoogle.js?client=ca-pub-8639961027790050\" crossorigin=\"anonymous\"><\/script><ins class=\"adsbygoogle\" style=\"display:block;\" data-ad-client=\"ca-pub-8639961027790050\" \ndata-ad-slot=\"5451536801\" \ndata-ad-format=\"auto\"><\/ins>\n<script> \n(adsbygoogle = window.adsbygoogle || []).push({}); \n<\/script>\n<\/div>","protected":false},"excerpt":{"rendered":"<p>G\u00e9n\u00e9aFrancoBelge sera l\u2019invit\u00e9e d\u2019honneur de la dix-septi\u00e8me \u00e9dition des Rendez-vous de la G\u00e9n\u00e9alogie qui se tiendra \u00e0 Camp\u00e9n\u00e9ac (56) les 15 &amp; 16 juillet 2023 (en partenariat avec la Librairie de la Vo\u00fbte et le site internet webgenealogie.com).Un hall d\u2019exposition accueillant plus de quarante exposants associations &amp; professionnels du monde de la g\u00e9n\u00e9alogie), des d\u00e9monstrations [&hellip;]<\/p>\n","protected":false},"author":1,"featured_media":465,"comment_status":"closed","ping_status":"open","sticky":false,"template":"","format":"standard","meta":{"footnotes":""},"categories":[21,43],"tags":[44,46],"class_list":["post-464","post","type-post","status-publish","format-standard","has-post-thumbnail","hentry","category-actualites","category-exposition","tag-campeneac","tag-rendez-vous-de-la-genealogie"],"_links":{"self":[{"href":"https:\/\/www.boutique.genealogiemagazine.com\/wp-json\/wp\/v2\/posts\/464","targetHints":{"allow":["GET"]}}],"collection":[{"href":"https:\/\/www.boutique.genealogiemagazine.com\/wp-json\/wp\/v2\/posts"}],"about":[{"href":"https:\/\/www.boutique.genealogiemagazine.com\/wp-json\/wp\/v2\/types\/post"}],"author":[{"embeddable":true,"href":"https:\/\/www.boutique.genealogiemagazine.com\/wp-json\/wp\/v2\/users\/1"}],"replies":[{"embeddable":true,"href":"https:\/\/www.boutique.genealogiemagazine.com\/wp-json\/wp\/v2\/comments?post=464"}],"version-history":[{"count":1,"href":"https:\/\/www.boutique.genealogiemagazine.com\/wp-json\/wp\/v2\/posts\/464\/revisions"}],"predecessor-version":[{"id":466,"href":"https:\/\/www.boutique.genealogiemagazine.com\/wp-json\/wp\/v2\/posts\/464\/revisions\/466"}],"wp:featuredmedia":[{"embeddable":true,"href":"https:\/\/www.boutique.genealogiemagazine.com\/wp-json\/wp\/v2\/media\/465"}],"wp:attachment":[{"href":"https:\/\/www.boutique.genealogiemagazine.com\/wp-json\/wp\/v2\/media?parent=464"}],"wp:term":[{"taxonomy":"category","embeddable":true,"href":"https:\/\/www.boutique.genealogiemagazine.com\/wp-json\/wp\/v2\/categories?post=464"},{"taxonomy":"post_tag","embeddable":true,"href":"https:\/\/www.boutique.genealogiemagazine.com\/wp-json\/wp\/v2\/tags?post=464"}],"curies":[{"name":"wp","href":"https:\/\/api.w.org\/{rel}","templated":true}]}}