{"id":467,"date":"2023-06-01T10:38:01","date_gmt":"2023-06-01T08:38:01","guid":{"rendered":"https:\/\/discount-genealogie-magazine.editions-christian.com\/?p=467"},"modified":"2024-04-27T13:21:42","modified_gmt":"2024-04-27T11:21:42","slug":"nouvelle-base-de-donnees-fichier-central-de-la-surete-nationale","status":"publish","type":"post","link":"https:\/\/www.boutique.genealogiemagazine.com\/2023\/06\/01\/nouvelle-base-de-donnees-fichier-central-de-la-surete-nationale\/","title":{"rendered":"Nouvelle base de donn\u00e9es &#8211; Fichier central de la S\u00fbret\u00e9 nationale"},"content":{"rendered":"\n<p>Les Archives nationales conservent le&nbsp;<strong>Fichier central de la direction de la s\u00fbret\u00e9 nationale<\/strong>&nbsp;du minist\u00e8re de l&rsquo;Int\u00e9rieur. Ce fichier a \u00e9t\u00e9 constitu\u00e9 entre la fin du XIXe si\u00e8cle et 1940, et a \u00e9t\u00e9 restitu\u00e9 \u00e0 la France par la Russie en 1994 dans le cadre des restitutions des archives dites \u00ab&nbsp;fonds de Moscou&nbsp;\u00bb.<\/p><div id=\"anniv-3149158138\" class=\"anniv-contenu anniv-entity-placement\"><script async src=\"\/\/pagead2.googlesyndication.com\/pagead\/js\/adsbygoogle.js?client=ca-pub-8639961027790050\" crossorigin=\"anonymous\"><\/script><ins class=\"adsbygoogle\" style=\"display:block;\" data-ad-client=\"ca-pub-8639961027790050\" \ndata-ad-slot=\"5451536801\" \ndata-ad-format=\"auto\"><\/ins>\n<script> \n(adsbygoogle = window.adsbygoogle || []).push({}); \n<\/script>\n<\/div>\n\n\n\n<p>Les dossiers de la direction de la S\u00fbret\u00e9, anc\u00eatre de la Police nationale, sont un fonds embl\u00e9matique des Archives nationales, tant par la richesse de son contenu que son&nbsp;<strong>incroyable histoire<\/strong>. Les quelques 10 000 cartons&nbsp;<strong>saisis par les Allemands en 1940<\/strong>&nbsp;dans les bureaux du minist\u00e8re de l\u2019Int\u00e9rieur sont ensuite r\u00e9cup\u00e9r\u00e9s par les&nbsp;<strong>Russes<\/strong>. Ce fonds devient le \u00ab&nbsp;fonds n\u00b01&nbsp;\u00bb des tr\u00e9sors de guerre conserv\u00e9s aux Archives sp\u00e9ciales centrales d\u2019\u00c9tat \u00e0 Moscou. Apr\u00e8s de longues n\u00e9gociations diplomatiques, les archives sont&nbsp;<strong>restitu\u00e9es \u00e0 la France entre 1994 et 2001<\/strong>, avec les autres archives publiques et priv\u00e9es connues sous le nom de \u00ab&nbsp;fonds de Moscou&nbsp;\u00bb.<\/p>\n\n\n\n<p>Pour savoir si un individu fait l&rsquo;objet d&rsquo;un dossier nominatif, il faut retrouver son nom dans l&rsquo;index nominatif \u00e9tabli par les Russes apr\u00e8s la Seconde Guerre mondiale. Cet inventaire est en ligne\u00a0<a rel=\"noreferrer noopener\" href=\"https:\/\/www.siv.archives-nationales.culture.gouv.fr\/siv\/rechercheconsultation\/consultation\/ir\/consultationIR.action?irId=FRAN_IR_050044&amp;udId=root&amp;details=true&amp;gotoArchivesNums=false&amp;auSeinIR=true\" target=\"_blank\">sur le site des archives Nationales<\/a>, et a \u00e9galement \u00e9t\u00e9 index\u00e9 sur le site de internet de\u00a0<a rel=\"noreferrer noopener\" href=\"https:\/\/geneafrancobelge.eu\/Fichier-central-surete-nationale\/recherche-fichier-central-Surete-nationale.php\" target=\"_blank\">Geneafrancobelge<\/a>.<\/p>\n\n\n\n<p>Si vous trouvez la trace de votre anc\u00eatre dans l&rsquo;inventaire, le dossier est consultable&nbsp;<strong>uniquement<\/strong>&nbsp;sur place aux Archives nationales (\u00e0 Pierrefitte-sur-Seine).<\/p>\n\n\n\n<p><a href=\"https:\/\/geneafrancobelge.eu\/Fichier-central-surete-nationale\">https:\/\/geneafrancobelge.eu\/Fichier-central-surete-nationale<\/a><\/p>\n<div id=\"anniv-119533691\" class=\"anniv-apres anniv-entity-placement\"><script async src=\"\/\/pagead2.googlesyndication.com\/pagead\/js\/adsbygoogle.js?client=ca-pub-8639961027790050\" crossorigin=\"anonymous\"><\/script><ins class=\"adsbygoogle\" style=\"display:block;\" data-ad-client=\"ca-pub-8639961027790050\" \ndata-ad-slot=\"5451536801\" \ndata-ad-format=\"auto\"><\/ins>\n<script> \n(adsbygoogle = window.adsbygoogle || []).push({}); \n<\/script>\n<\/div>","protected":false},"excerpt":{"rendered":"<p>Les Archives nationales conservent le&nbsp;Fichier central de la direction de la s\u00fbret\u00e9 nationale&nbsp;du minist\u00e8re de l&rsquo;Int\u00e9rieur. Ce fichier a \u00e9t\u00e9 constitu\u00e9 entre la fin du XIXe si\u00e8cle et 1940, et a \u00e9t\u00e9 restitu\u00e9 \u00e0 la France par la Russie en 1994 dans le cadre des restitutions des archives dites \u00ab&nbsp;fonds de Moscou&nbsp;\u00bb. Les dossiers de [&hellip;]<\/p>\n","protected":false},"author":1,"featured_media":468,"comment_status":"closed","ping_status":"open","sticky":false,"template":"","format":"standard","meta":{"footnotes":""},"categories":[21,39,133],"tags":[115,108],"class_list":["post-467","post","type-post","status-publish","format-standard","has-post-thumbnail","hentry","category-actualites","category-base-de-donnees","category-geneafrancobelge","tag-fichier-central-de-la-surete-nationale","tag-geneafrancobelge-2"],"_links":{"self":[{"href":"https:\/\/www.boutique.genealogiemagazine.com\/wp-json\/wp\/v2\/posts\/467","targetHints":{"allow":["GET"]}}],"collection":[{"href":"https:\/\/www.boutique.genealogiemagazine.com\/wp-json\/wp\/v2\/posts"}],"about":[{"href":"https:\/\/www.boutique.genealogiemagazine.com\/wp-json\/wp\/v2\/types\/post"}],"author":[{"embeddable":true,"href":"https:\/\/www.boutique.genealogiemagazine.com\/wp-json\/wp\/v2\/users\/1"}],"replies":[{"embeddable":true,"href":"https:\/\/www.boutique.genealogiemagazine.com\/wp-json\/wp\/v2\/comments?post=467"}],"version-history":[{"count":1,"href":"https:\/\/www.boutique.genealogiemagazine.com\/wp-json\/wp\/v2\/posts\/467\/revisions"}],"predecessor-version":[{"id":469,"href":"https:\/\/www.boutique.genealogiemagazine.com\/wp-json\/wp\/v2\/posts\/467\/revisions\/469"}],"wp:featuredmedia":[{"embeddable":true,"href":"https:\/\/www.boutique.genealogiemagazine.com\/wp-json\/wp\/v2\/media\/468"}],"wp:attachment":[{"href":"https:\/\/www.boutique.genealogiemagazine.com\/wp-json\/wp\/v2\/media?parent=467"}],"wp:term":[{"taxonomy":"category","embeddable":true,"href":"https:\/\/www.boutique.genealogiemagazine.com\/wp-json\/wp\/v2\/categories?post=467"},{"taxonomy":"post_tag","embeddable":true,"href":"https:\/\/www.boutique.genealogiemagazine.com\/wp-json\/wp\/v2\/tags?post=467"}],"curies":[{"name":"wp","href":"https:\/\/api.w.org\/{rel}","templated":true}]}}