{"id":494,"date":"2023-07-02T16:47:07","date_gmt":"2023-07-02T14:47:07","guid":{"rendered":"https:\/\/discount-genealogie-magazine.editions-christian.com\/?p=494"},"modified":"2023-07-02T16:47:15","modified_gmt":"2023-07-02T14:47:15","slug":"les-rendez-vous-de-la-genealogie-a-campeneac-les-15-16-juillet-2023","status":"publish","type":"post","link":"https:\/\/www.boutique.genealogiemagazine.com\/2023\/07\/02\/les-rendez-vous-de-la-genealogie-a-campeneac-les-15-16-juillet-2023\/","title":{"rendered":"Les Rendez vous de la G\u00e9n\u00e9alogie \u00e0 Camp\u00e9n\u00e9ac les 15 &amp; 16 juillet 2023"},"content":{"rendered":"<div class=\"wp-block-image\">\n<figure class=\"alignleft size-large is-resized\"><img loading=\"lazy\" decoding=\"async\" src=\"https:\/\/discount-genealogie-magazine.editions-christian.com\/wp-content\/uploads\/2023\/06\/affichecampeneac2023_Mise-en-page-1-722x1024.jpg\" alt=\"\" class=\"wp-image-465\" width=\"283\" height=\"401\" srcset=\"https:\/\/www.boutique.genealogiemagazine.com\/wp-content\/uploads\/2023\/06\/affichecampeneac2023_Mise-en-page-1-722x1024.jpg 722w, https:\/\/www.boutique.genealogiemagazine.com\/wp-content\/uploads\/2023\/06\/affichecampeneac2023_Mise-en-page-1-211x300.jpg 211w, https:\/\/www.boutique.genealogiemagazine.com\/wp-content\/uploads\/2023\/06\/affichecampeneac2023_Mise-en-page-1-768x1090.jpg 768w, https:\/\/www.boutique.genealogiemagazine.com\/wp-content\/uploads\/2023\/06\/affichecampeneac2023_Mise-en-page-1-1083x1536.jpg 1083w, https:\/\/www.boutique.genealogiemagazine.com\/wp-content\/uploads\/2023\/06\/affichecampeneac2023_Mise-en-page-1-1443x2048.jpg 1443w, https:\/\/www.boutique.genealogiemagazine.com\/wp-content\/uploads\/2023\/06\/affichecampeneac2023_Mise-en-page-1-600x851.jpg 600w, https:\/\/www.boutique.genealogiemagazine.com\/wp-content\/uploads\/2023\/06\/affichecampeneac2023_Mise-en-page-1-scaled.jpg 1804w\" sizes=\"auto, (max-width: 283px) 100vw, 283px\" \/><\/figure>\n<\/div>\n\n\n<p>L\u2019exposition \u00ab Les commerces d\u2019hier et d\u2019aujourd\u2019hui\u00bb sera pr\u00e9sent\u00e9e \u00e0 la salle polyvalente\u00a0 les 15 et 16 juillet 2023. R\u00e9alis\u00e9e par l\u2019association Histoire et g\u00e9n\u00e9alogie de Camp\u00e9n\u00e9ac et des environs, en partenariat avec les Rendez vous de la G\u00e9n\u00e9alogie, cette exposition retrace l\u2019histoire des commerces \u00e0 Camp\u00e9n\u00e9ac du XIXe au XXIe si\u00e8cle. Histoire chronologique, mais \u00e9galement histoire sociale, architecture, \u00e9volution des institutions, ce sujet permet de croiser les sources et de comprendre l\u2019\u00e9volution urbanistique de la commune.<br>Pour 2023 nous recherchons des photographies anciennes de Camp\u00e9n\u00e9ac et environ ainsi que des films, coupures de presses, cartes anciennes, etc\u2026\u00a0<br>Association Histoire et g\u00e9n\u00e9alogie de Camp\u00e9n\u00e9ac et des environs<br><a rel=\"noreferrer noopener\" href=\"https:\/\/ymlpcl3.com\/5e83dqsjyalaewwwbadahqsaoau\/click.php\" target=\"_blank\">http:\/\/www.genehisto-campeneac.fr<\/a><br>contact@genehisto-campeneac.fr.<br>Si\u00e8ge : 20 Ferdonnant \u2013 56800 Camp\u00e9n\u00e9ac, Morbihan<br>Groupe facebook\u00a0<a rel=\"noreferrer noopener\" href=\"https:\/\/ymlpcl3.com\/3cc78qsbsagaewwwbagahqsadau\/click.php\" target=\"_blank\">https:\/\/www.facebook.com\/groups\/1674399132736855\/<\/a><\/p><div id=\"anniv-98390477\" class=\"anniv-contenu anniv-entity-placement\"><script async src=\"\/\/pagead2.googlesyndication.com\/pagead\/js\/adsbygoogle.js?client=ca-pub-8639961027790050\" crossorigin=\"anonymous\"><\/script><ins class=\"adsbygoogle\" style=\"display:block;\" data-ad-client=\"ca-pub-8639961027790050\" \ndata-ad-slot=\"5451536801\" \ndata-ad-format=\"auto\"><\/ins>\n<script> \n(adsbygoogle = window.adsbygoogle || []).push({}); \n<\/script>\n<\/div>\n<div id=\"anniv-344210094\" class=\"anniv-apres anniv-entity-placement\"><script async src=\"\/\/pagead2.googlesyndication.com\/pagead\/js\/adsbygoogle.js?client=ca-pub-8639961027790050\" crossorigin=\"anonymous\"><\/script><ins class=\"adsbygoogle\" style=\"display:block;\" data-ad-client=\"ca-pub-8639961027790050\" \ndata-ad-slot=\"5451536801\" \ndata-ad-format=\"auto\"><\/ins>\n<script> \n(adsbygoogle = window.adsbygoogle || []).push({}); \n<\/script>\n<\/div>","protected":false},"excerpt":{"rendered":"<p>L\u2019exposition \u00ab Les commerces d\u2019hier et d\u2019aujourd\u2019hui\u00bb sera pr\u00e9sent\u00e9e \u00e0 la salle polyvalente\u00a0 les 15 et 16 juillet 2023. R\u00e9alis\u00e9e par l\u2019association Histoire et g\u00e9n\u00e9alogie de Camp\u00e9n\u00e9ac et des environs, en partenariat avec les Rendez vous de la G\u00e9n\u00e9alogie, cette exposition retrace l\u2019histoire des commerces \u00e0 Camp\u00e9n\u00e9ac du XIXe au XXIe si\u00e8cle. Histoire chronologique, mais [&hellip;]<\/p>\n","protected":false},"author":1,"featured_media":465,"comment_status":"closed","ping_status":"open","sticky":false,"template":"","format":"standard","meta":{"footnotes":""},"categories":[21,43],"tags":[44,119],"class_list":["post-494","post","type-post","status-publish","format-standard","has-post-thumbnail","hentry","category-actualites","category-exposition","tag-campeneac","tag-rendez-vous-de-la-genealogie-2"],"_links":{"self":[{"href":"https:\/\/www.boutique.genealogiemagazine.com\/wp-json\/wp\/v2\/posts\/494","targetHints":{"allow":["GET"]}}],"collection":[{"href":"https:\/\/www.boutique.genealogiemagazine.com\/wp-json\/wp\/v2\/posts"}],"about":[{"href":"https:\/\/www.boutique.genealogiemagazine.com\/wp-json\/wp\/v2\/types\/post"}],"author":[{"embeddable":true,"href":"https:\/\/www.boutique.genealogiemagazine.com\/wp-json\/wp\/v2\/users\/1"}],"replies":[{"embeddable":true,"href":"https:\/\/www.boutique.genealogiemagazine.com\/wp-json\/wp\/v2\/comments?post=494"}],"version-history":[{"count":1,"href":"https:\/\/www.boutique.genealogiemagazine.com\/wp-json\/wp\/v2\/posts\/494\/revisions"}],"predecessor-version":[{"id":495,"href":"https:\/\/www.boutique.genealogiemagazine.com\/wp-json\/wp\/v2\/posts\/494\/revisions\/495"}],"wp:featuredmedia":[{"embeddable":true,"href":"https:\/\/www.boutique.genealogiemagazine.com\/wp-json\/wp\/v2\/media\/465"}],"wp:attachment":[{"href":"https:\/\/www.boutique.genealogiemagazine.com\/wp-json\/wp\/v2\/media?parent=494"}],"wp:term":[{"taxonomy":"category","embeddable":true,"href":"https:\/\/www.boutique.genealogiemagazine.com\/wp-json\/wp\/v2\/categories?post=494"},{"taxonomy":"post_tag","embeddable":true,"href":"https:\/\/www.boutique.genealogiemagazine.com\/wp-json\/wp\/v2\/tags?post=494"}],"curies":[{"name":"wp","href":"https:\/\/api.w.org\/{rel}","templated":true}]}}